{"id":99,"date":"2023-11-23T13:44:30","date_gmt":"2023-11-23T13:44:30","guid":{"rendered":"https:\/\/www.mustafakaraca.net\/?p=99"},"modified":"2023-11-24T09:52:12","modified_gmt":"2023-11-24T09:52:12","slug":"sosyal-medya-okuryazarligi-kursu-ucretsiz-katilim-sertifikali","status":"publish","type":"post","link":"http:\/\/www.mustafakaraca.net\/?p=99","title":{"rendered":"SOSYAL MEDYA OKURYAZARLI\u011eI KURSU \/ \u00dcCRETS\u0130Z \u2013 KATILIM SERT\u0130F\u0130KALI"},"content":{"rendered":"<p><img loading=\"lazy\" decoding=\"async\" class=\"size-full wp-image-87 aligncenter\" src=\"http:\/\/www.mustafakaraca.net\/wp-content\/uploads\/2023\/11\/sosyal-medya-okuryazarligi.jpg\" alt=\"\" width=\"300\" height=\"200\" \/><\/p>\n<p>Anadolu \u00dcniversitesi A\u00e7\u0131k\u00f6\u011fretim Sistemi i\u00e7erisinde yer alan ve bireylerin ki\u015fisel ve mesleki geli\u015fimleri i\u00e7in \u00fccretsiz olarak eri\u015fime a\u00e7\u0131lan AKADEMA \u00f6\u011frenme platformu \u00e7ok say\u0131da kursu b\u00fcnyesinde bar\u0131nd\u0131r\u0131yor. \u0130lgilisine \u201cSOSYAL MEDYA OKURYAZARLI\u011eI\u201d kursunu incelemesini tavsiye ediyorum.<\/p>\n<p>&nbsp;<\/p>\n<p>Detaylar ve Kay\u0131t i\u00e7in <a href=\"https:\/\/acik.anadolu.edu.tr\/MaterialDetail?materialCode=11019&amp;sourceId=1\" target=\"_blank\" rel=\"noopener\"><strong>TIKLAYINIZ<\/strong><\/a><\/p>\n","protected":false},"excerpt":{"rendered":"<p>Anadolu \u00dcniversitesi A\u00e7\u0131k\u00f6\u011fretim Sistemi i\u00e7erisinde yer alan ve bireylerin ki\u015fisel ve mesleki geli\u015fimleri i\u00e7in \u00fccretsiz olarak eri\u015fime a\u00e7\u0131lan AKADEMA \u00f6\u011frenme platformu \u00e7ok say\u0131da kursu b\u00fcnyesinde bar\u0131nd\u0131r\u0131yor. \u0130lgilisine \u201cSOSYAL MEDYA OKURYAZARLI\u011eI\u201d kursunu incelemesini tavsiye ediyorum. &nbsp; Detaylar ve Kay\u0131t i\u00e7in TIKLAYINIZ<\/p>\n","protected":false},"author":1,"featured_media":0,"comment_status":"closed","ping_status":"open","sticky":false,"template":"","format":"standard","meta":{"footnotes":""},"categories":[1],"tags":[14,7,6,12,5,13,8],"class_list":["post-99","post","type-post","status-publish","format-standard","","category-uncategorized","tag-acik-ders","tag-anadolu-universitesi","tag-doc-dr-mustafa-karaca","tag-eskisehir","tag-mustafa-karaca","tag-odev","tag-proje"],"_links":{"self":[{"href":"http:\/\/www.mustafakaraca.net\/index.php?rest_route=\/wp\/v2\/posts\/99","targetHints":{"allow":["GET"]}}],"collection":[{"href":"http:\/\/www.mustafakaraca.net\/index.php?rest_route=\/wp\/v2\/posts"}],"about":[{"href":"http:\/\/www.mustafakaraca.net\/index.php?rest_route=\/wp\/v2\/types\/post"}],"author":[{"embeddable":true,"href":"http:\/\/www.mustafakaraca.net\/index.php?rest_route=\/wp\/v2\/users\/1"}],"replies":[{"embeddable":true,"href":"http:\/\/www.mustafakaraca.net\/index.php?rest_route=%2Fwp%2Fv2%2Fcomments&post=99"}],"version-history":[{"count":1,"href":"http:\/\/www.mustafakaraca.net\/index.php?rest_route=\/wp\/v2\/posts\/99\/revisions"}],"predecessor-version":[{"id":100,"href":"http:\/\/www.mustafakaraca.net\/index.php?rest_route=\/wp\/v2\/posts\/99\/revisions\/100"}],"wp:attachment":[{"href":"http:\/\/www.mustafakaraca.net\/index.php?rest_route=%2Fwp%2Fv2%2Fmedia&parent=99"}],"wp:term":[{"taxonomy":"category","embeddable":true,"href":"http:\/\/www.mustafakaraca.net\/index.php?rest_route=%2Fwp%2Fv2%2Fcategories&post=99"},{"taxonomy":"post_tag","embeddable":true,"href":"http:\/\/www.mustafakaraca.net\/index.php?rest_route=%2Fwp%2Fv2%2Ftags&post=99"}],"curies":[{"name":"wp","href":"https:\/\/api.w.org\/{rel}","templated":true}]}}