{"id":91,"date":"2023-11-23T13:35:09","date_gmt":"2023-11-23T13:35:09","guid":{"rendered":"https:\/\/www.mustafakaraca.net\/?p=91"},"modified":"2023-11-24T09:52:12","modified_gmt":"2023-11-24T09:52:12","slug":"kktc-itu-kariyer-merkezi-egitimi","status":"publish","type":"post","link":"http:\/\/www.mustafakaraca.net\/?p=91","title":{"rendered":"KKTC \u0130T\u00dc KAR\u0130YER MERKEZ\u0130 E\u011e\u0130T\u0130M\u0130"},"content":{"rendered":"<p><img loading=\"lazy\" decoding=\"async\" class=\"size-medium wp-image-81 aligncenter\" src=\"http:\/\/www.mustafakaraca.net\/wp-content\/uploads\/2023\/11\/kktc-egitim-3-300x300.jpeg\" alt=\"\" width=\"300\" height=\"300\" srcset=\"http:\/\/www.mustafakaraca.net\/wp-content\/uploads\/2023\/11\/kktc-egitim-3-300x300.jpeg 300w, http:\/\/www.mustafakaraca.net\/wp-content\/uploads\/2023\/11\/kktc-egitim-3-150x150.jpeg 150w, http:\/\/www.mustafakaraca.net\/wp-content\/uploads\/2023\/11\/kktc-egitim-3.jpeg 768w\" sizes=\"auto, (max-width: 300px) 100vw, 300px\" \/><\/p>\n<p><img loading=\"lazy\" decoding=\"async\" class=\"size-medium wp-image-80 aligncenter\" src=\"http:\/\/www.mustafakaraca.net\/wp-content\/uploads\/2023\/11\/kktc-egitim-2-300x300.jpeg\" alt=\"\" width=\"300\" height=\"300\" srcset=\"http:\/\/www.mustafakaraca.net\/wp-content\/uploads\/2023\/11\/kktc-egitim-2-300x300.jpeg 300w, http:\/\/www.mustafakaraca.net\/wp-content\/uploads\/2023\/11\/kktc-egitim-2-150x150.jpeg 150w, http:\/\/www.mustafakaraca.net\/wp-content\/uploads\/2023\/11\/kktc-egitim-2.jpeg 768w\" sizes=\"auto, (max-width: 300px) 100vw, 300px\" \/><\/p>\n<p><img loading=\"lazy\" decoding=\"async\" class=\" wp-image-79 aligncenter\" src=\"http:\/\/www.mustafakaraca.net\/wp-content\/uploads\/2023\/11\/kktc-egitim-1-213x300.jpeg\" alt=\"\" width=\"305\" height=\"429\" srcset=\"http:\/\/www.mustafakaraca.net\/wp-content\/uploads\/2023\/11\/kktc-egitim-1-213x300.jpeg 213w, http:\/\/www.mustafakaraca.net\/wp-content\/uploads\/2023\/11\/kktc-egitim-1.jpeg 728w\" sizes=\"auto, (max-width: 305px) 100vw, 305px\" \/><\/p>\n<p>&nbsp;<\/p>\n<p>KKTC T\u00fcrk B\u00fcy\u00fckel\u00e7ili\u011fi E\u011fitim M\u00fc\u015favirli\u011fi ve \u0130T\u00dc K\u0131br\u0131s Kamp\u00fcs\u00fc Rekt\u00f6rl\u00fc\u011f\u00fc taraf\u0131ndan organize edilen 1-2 \u015eubat 2022 tarihlerinde KKTC Acapulco Hotel\u2019de ger\u00e7ekle\u015ftirilen Kariyer Akademisi etkinli\u011finde Beden Dili ve Hedef Belirleme ba\u015fl\u0131kl\u0131 iki sunumla Lise \u00d6\u011frencilerine katk\u0131 sa\u011flamaya \u00e7al\u0131\u015ft\u0131m. \u0130lgi \u00e7ekici ve farkl\u0131 konular\u0131n yer ald\u0131\u011f\u0131 etkinlikte alan\u0131nda tan\u0131nm\u0131\u015f isimlerin keyifli katk\u0131lar\u0131 ile muhte\u015fem bir \u015f\u00f6len oldu. Bu vesile ile bizlere ileti\u015fim f\u0131rsat\u0131 tan\u0131yan KKTC T\u00fcrk B\u00fcy\u00fckel\u00e7isine, E\u011fitim M\u00fc\u015faviri Say\u0131n Ekrem Toklucu\u2019ya ve etkinli\u011fin g\u00f6r\u00fcnmeyen kahramanlar\u0131na te\u015fekk\u00fcrlerimi sunuyorum.<\/p>\n<p>&nbsp;<\/p>\n<p><a href=\"https:\/\/kibrishakikat.com\/?p=38031\" target=\"_blank\" rel=\"noopener\"><strong>Haberin Detay\u0131<\/strong><\/a><\/p>\n","protected":false},"excerpt":{"rendered":"<p>&nbsp; KKTC T\u00fcrk B\u00fcy\u00fckel\u00e7ili\u011fi E\u011fitim M\u00fc\u015favirli\u011fi ve \u0130T\u00dc K\u0131br\u0131s Kamp\u00fcs\u00fc Rekt\u00f6rl\u00fc\u011f\u00fc taraf\u0131ndan organize edilen 1-2 \u015eubat 2022 tarihlerinde KKTC Acapulco Hotel\u2019de ger\u00e7ekle\u015ftirilen Kariyer Akademisi etkinli\u011finde Beden Dili ve Hedef Belirleme ba\u015fl\u0131kl\u0131 iki sunumla Lise \u00d6\u011frencilerine katk\u0131 sa\u011flamaya \u00e7al\u0131\u015ft\u0131m. \u0130lgi \u00e7ekici ve farkl\u0131 konular\u0131n yer ald\u0131\u011f\u0131 etkinlikte alan\u0131nda tan\u0131nm\u0131\u015f isimlerin keyifli katk\u0131lar\u0131 ile muhte\u015fem bir \u015f\u00f6len &hellip;<\/p>\n","protected":false},"author":1,"featured_media":0,"comment_status":"closed","ping_status":"open","sticky":false,"template":"","format":"standard","meta":{"footnotes":""},"categories":[1],"tags":[7,6,17,12,16,15,5,3],"class_list":["post-91","post","type-post","status-publish","format-standard","","category-uncategorized","tag-anadolu-universitesi","tag-doc-dr-mustafa-karaca","tag-egitim","tag-eskisehir","tag-kibris-kuzey","tag-kktc","tag-mustafa-karaca","tag-sosyal-sorumluluk-projesi"],"_links":{"self":[{"href":"http:\/\/www.mustafakaraca.net\/index.php?rest_route=\/wp\/v2\/posts\/91","targetHints":{"allow":["GET"]}}],"collection":[{"href":"http:\/\/www.mustafakaraca.net\/index.php?rest_route=\/wp\/v2\/posts"}],"about":[{"href":"http:\/\/www.mustafakaraca.net\/index.php?rest_route=\/wp\/v2\/types\/post"}],"author":[{"embeddable":true,"href":"http:\/\/www.mustafakaraca.net\/index.php?rest_route=\/wp\/v2\/users\/1"}],"replies":[{"embeddable":true,"href":"http:\/\/www.mustafakaraca.net\/index.php?rest_route=%2Fwp%2Fv2%2Fcomments&post=91"}],"version-history":[{"count":2,"href":"http:\/\/www.mustafakaraca.net\/index.php?rest_route=\/wp\/v2\/posts\/91\/revisions"}],"predecessor-version":[{"id":93,"href":"http:\/\/www.mustafakaraca.net\/index.php?rest_route=\/wp\/v2\/posts\/91\/revisions\/93"}],"wp:attachment":[{"href":"http:\/\/www.mustafakaraca.net\/index.php?rest_route=%2Fwp%2Fv2%2Fmedia&parent=91"}],"wp:term":[{"taxonomy":"category","embeddable":true,"href":"http:\/\/www.mustafakaraca.net\/index.php?rest_route=%2Fwp%2Fv2%2Fcategories&post=91"},{"taxonomy":"post_tag","embeddable":true,"href":"http:\/\/www.mustafakaraca.net\/index.php?rest_route=%2Fwp%2Fv2%2Ftags&post=91"}],"curies":[{"name":"wp","href":"https:\/\/api.w.org\/{rel}","templated":true}]}}