{"id":89,"date":"2023-11-23T13:30:58","date_gmt":"2023-11-23T13:30:58","guid":{"rendered":"https:\/\/www.mustafakaraca.net\/?p=89"},"modified":"2023-11-24T09:52:12","modified_gmt":"2023-11-24T09:52:12","slug":"aile-ve-sosyal-hizmetler-bakanligi-rehberlik-ve-teftis-baskanligi-egitimi","status":"publish","type":"post","link":"http:\/\/www.mustafakaraca.net\/?p=89","title":{"rendered":"A\u0130LE VE SOSYAL H\u0130ZMETLER BAKANLI\u011eI REHBERL\u0130K VE TEFT\u0130\u015e BA\u015eKANLI\u011eI E\u011e\u0130T\u0130M\u0130"},"content":{"rendered":"<p><img loading=\"lazy\" decoding=\"async\" class=\"size-medium wp-image-69 aligncenter\" src=\"http:\/\/www.mustafakaraca.net\/wp-content\/uploads\/2023\/11\/AILE-BAKANLIGI-EGITIMI-2-300x200.jpeg\" alt=\"\" width=\"300\" height=\"200\" srcset=\"http:\/\/www.mustafakaraca.net\/wp-content\/uploads\/2023\/11\/AILE-BAKANLIGI-EGITIMI-2-300x200.jpeg 300w, http:\/\/www.mustafakaraca.net\/wp-content\/uploads\/2023\/11\/AILE-BAKANLIGI-EGITIMI-2.jpeg 768w\" sizes=\"auto, (max-width: 300px) 100vw, 300px\" \/><\/p>\n<p><img loading=\"lazy\" decoding=\"async\" class=\"size-medium wp-image-68 aligncenter\" src=\"http:\/\/www.mustafakaraca.net\/wp-content\/uploads\/2023\/11\/AILE-BAKANLIGI-EGITIMI-1-300x200.jpeg\" alt=\"\" width=\"300\" height=\"200\" srcset=\"http:\/\/www.mustafakaraca.net\/wp-content\/uploads\/2023\/11\/AILE-BAKANLIGI-EGITIMI-1-300x200.jpeg 300w, http:\/\/www.mustafakaraca.net\/wp-content\/uploads\/2023\/11\/AILE-BAKANLIGI-EGITIMI-1.jpeg 768w\" sizes=\"auto, (max-width: 300px) 100vw, 300px\" \/><\/p>\n<p><img loading=\"lazy\" decoding=\"async\" class=\"size-medium wp-image-70 aligncenter\" src=\"http:\/\/www.mustafakaraca.net\/wp-content\/uploads\/2023\/11\/AILE-BAKANLIGI-EGITIMI-3-300x200.jpeg\" alt=\"\" width=\"300\" height=\"200\" srcset=\"http:\/\/www.mustafakaraca.net\/wp-content\/uploads\/2023\/11\/AILE-BAKANLIGI-EGITIMI-3-300x200.jpeg 300w, http:\/\/www.mustafakaraca.net\/wp-content\/uploads\/2023\/11\/AILE-BAKANLIGI-EGITIMI-3.jpeg 768w\" sizes=\"auto, (max-width: 300px) 100vw, 300px\" \/><\/p>\n<p>Aile ve Sosyal Hizmetler Bakanl\u0131\u011f\u0131 Rehberlik ve Tefti\u015f Ba\u015fkanl\u0131\u011f\u0131 Ba\u015fm\u00fcfetti\u015f ve M\u00fcfetti\u015flerine y\u00f6nelik olarak d\u00fczenlenen Hizmet \u0130\u00e7i E\u011fitim kapsam\u0131nda \u0130leti\u015fim, Beden Dili, \u0130\u015f Ya\u015fam\u0131nda Duygular ve \u0130maj Y\u00f6netimi konular\u0131nda verdi\u011fim e\u011fitime ili\u015fkin haberin detaylar\u0131 a\u015fa\u011f\u0131daki linkte yer almaktad\u0131r. \u0130lgili e\u011fitim kapsam\u0131nda nazik daveti i\u00e7in Bakanl\u0131k Ba\u015fm\u00fcfetti\u015flerinden dostum kadim insan \u0130brahim Kayademir\u2019e ve Ba\u015fkanl\u0131k Y\u00f6netimine te\u015fekk\u00fcrlerimi sunar\u0131m.<\/p>\n<p><strong><a href=\"https:\/\/www.aile.gov.tr\/rtbs\/haberler\/mufettislere-yonelik-hizmet-ici-egitim-programi-20-24-aralik-tarihleri-arasinda-gerceklestirildi\/\" target=\"_blank\" rel=\"noopener\">Haberin Detaylar\u0131<\/a><\/strong><\/p>\n","protected":false},"excerpt":{"rendered":"<p>Aile ve Sosyal Hizmetler Bakanl\u0131\u011f\u0131 Rehberlik ve Tefti\u015f Ba\u015fkanl\u0131\u011f\u0131 Ba\u015fm\u00fcfetti\u015f ve M\u00fcfetti\u015flerine y\u00f6nelik olarak d\u00fczenlenen Hizmet \u0130\u00e7i E\u011fitim kapsam\u0131nda \u0130leti\u015fim, Beden Dili, \u0130\u015f Ya\u015fam\u0131nda Duygular ve \u0130maj Y\u00f6netimi konular\u0131nda verdi\u011fim e\u011fitime ili\u015fkin haberin detaylar\u0131 a\u015fa\u011f\u0131daki linkte yer almaktad\u0131r. \u0130lgili e\u011fitim kapsam\u0131nda nazik daveti i\u00e7in Bakanl\u0131k Ba\u015fm\u00fcfetti\u015flerinden dostum kadim insan \u0130brahim Kayademir\u2019e ve Ba\u015fkanl\u0131k Y\u00f6netimine te\u015fekk\u00fcrlerimi &hellip;<\/p>\n","protected":false},"author":1,"featured_media":0,"comment_status":"closed","ping_status":"open","sticky":false,"template":"","format":"standard","meta":{"footnotes":""},"categories":[1],"tags":[18,7,19,6,17,12,5,8,3],"class_list":["post-89","post","type-post","status-publish","format-standard","","category-uncategorized","tag-aile-sosyal-politikalar","tag-anadolu-universitesi","tag-bakanlik","tag-doc-dr-mustafa-karaca","tag-egitim","tag-eskisehir","tag-mustafa-karaca","tag-proje","tag-sosyal-sorumluluk-projesi"],"_links":{"self":[{"href":"http:\/\/www.mustafakaraca.net\/index.php?rest_route=\/wp\/v2\/posts\/89","targetHints":{"allow":["GET"]}}],"collection":[{"href":"http:\/\/www.mustafakaraca.net\/index.php?rest_route=\/wp\/v2\/posts"}],"about":[{"href":"http:\/\/www.mustafakaraca.net\/index.php?rest_route=\/wp\/v2\/types\/post"}],"author":[{"embeddable":true,"href":"http:\/\/www.mustafakaraca.net\/index.php?rest_route=\/wp\/v2\/users\/1"}],"replies":[{"embeddable":true,"href":"http:\/\/www.mustafakaraca.net\/index.php?rest_route=%2Fwp%2Fv2%2Fcomments&post=89"}],"version-history":[{"count":1,"href":"http:\/\/www.mustafakaraca.net\/index.php?rest_route=\/wp\/v2\/posts\/89\/revisions"}],"predecessor-version":[{"id":90,"href":"http:\/\/www.mustafakaraca.net\/index.php?rest_route=\/wp\/v2\/posts\/89\/revisions\/90"}],"wp:attachment":[{"href":"http:\/\/www.mustafakaraca.net\/index.php?rest_route=%2Fwp%2Fv2%2Fmedia&parent=89"}],"wp:term":[{"taxonomy":"category","embeddable":true,"href":"http:\/\/www.mustafakaraca.net\/index.php?rest_route=%2Fwp%2Fv2%2Fcategories&post=89"},{"taxonomy":"post_tag","embeddable":true,"href":"http:\/\/www.mustafakaraca.net\/index.php?rest_route=%2Fwp%2Fv2%2Ftags&post=89"}],"curies":[{"name":"wp","href":"https:\/\/api.w.org\/{rel}","templated":true}]}}