{"id":107,"date":"2023-11-23T13:50:07","date_gmt":"2023-11-23T13:50:07","guid":{"rendered":"https:\/\/www.mustafakaraca.net\/?p=107"},"modified":"2023-11-24T09:52:12","modified_gmt":"2023-11-24T09:52:12","slug":"acik-pazar-hareketi-projesi","status":"publish","type":"post","link":"http:\/\/www.mustafakaraca.net\/?p=107","title":{"rendered":"A\u00c7IK PAZAR HAREKET\u0130 PROJES\u0130"},"content":{"rendered":"<p><img loading=\"lazy\" decoding=\"async\" class=\"size-full wp-image-67 aligncenter\" src=\"http:\/\/www.mustafakaraca.net\/wp-content\/uploads\/2023\/11\/Acik-pazar-hareketi.jpeg\" alt=\"\" width=\"300\" height=\"163\" \/><\/p>\n<p><img loading=\"lazy\" decoding=\"async\" class=\"size-full wp-image-72 aligncenter\" src=\"http:\/\/www.mustafakaraca.net\/wp-content\/uploads\/2023\/11\/elden-eve-biz-projesi-logosu.png\" alt=\"\" width=\"300\" height=\"188\" \/><\/p>\n<p>&nbsp;<\/p>\n<p>A\u00e7\u0131k Pazar Hareketi Projesinin detaylar\u0131n\u0131 bro\u015f\u00fcr\u00fc indirerek ve proje sayfas\u0131n\u0131 inceleyerek katk\u0131da bulunabilirsiniz.<\/p>\n<p>Milliyet Gazetesinde A\u00e7\u0131k Pazar Hareketi<\/p>\n<p>Haberin detay\u0131 i\u00e7in <a href=\"https:\/\/www.milliyet.com.tr\/cumartesi\/kadin-ureticiden-365-gun-acik-pazar-6400694\" target=\"_blank\" rel=\"noopener\"><strong>TIKLAYINIZ<\/strong><\/a><\/p>\n<p>&nbsp;<\/p>\n<p>&nbsp;<\/p>\n<p>Proje Bro\u015f\u00fcr\u00fcn\u00fc indirmek i\u00e7in <a href=\"http:\/\/www.mustafakaraca.net\/wp-content\/uploads\/2023\/11\/ACIK-PAZAR-HAREKETI.pdf\" target=\"_blank\" rel=\"noopener\">ACIK-PAZAR-HAREKETI<\/a><\/p>\n","protected":false},"excerpt":{"rendered":"<p>&nbsp; A\u00e7\u0131k Pazar Hareketi Projesinin detaylar\u0131n\u0131 bro\u015f\u00fcr\u00fc indirerek ve proje sayfas\u0131n\u0131 inceleyerek katk\u0131da bulunabilirsiniz. Milliyet Gazetesinde A\u00e7\u0131k Pazar Hareketi Haberin detay\u0131 i\u00e7in TIKLAYINIZ &nbsp; &nbsp; Proje Bro\u015f\u00fcr\u00fcn\u00fc indirmek i\u00e7in ACIK-PAZAR-HAREKETI<\/p>\n","protected":false},"author":1,"featured_media":0,"comment_status":"closed","ping_status":"open","sticky":false,"template":"","format":"standard","meta":{"footnotes":""},"categories":[1],"tags":[7,6,4,5,8,3],"class_list":["post-107","post","type-post","status-publish","format-standard","","category-uncategorized","tag-anadolu-universitesi","tag-doc-dr-mustafa-karaca","tag-kadin-projesi","tag-mustafa-karaca","tag-proje","tag-sosyal-sorumluluk-projesi"],"_links":{"self":[{"href":"http:\/\/www.mustafakaraca.net\/index.php?rest_route=\/wp\/v2\/posts\/107","targetHints":{"allow":["GET"]}}],"collection":[{"href":"http:\/\/www.mustafakaraca.net\/index.php?rest_route=\/wp\/v2\/posts"}],"about":[{"href":"http:\/\/www.mustafakaraca.net\/index.php?rest_route=\/wp\/v2\/types\/post"}],"author":[{"embeddable":true,"href":"http:\/\/www.mustafakaraca.net\/index.php?rest_route=\/wp\/v2\/users\/1"}],"replies":[{"embeddable":true,"href":"http:\/\/www.mustafakaraca.net\/index.php?rest_route=%2Fwp%2Fv2%2Fcomments&post=107"}],"version-history":[{"count":2,"href":"http:\/\/www.mustafakaraca.net\/index.php?rest_route=\/wp\/v2\/posts\/107\/revisions"}],"predecessor-version":[{"id":110,"href":"http:\/\/www.mustafakaraca.net\/index.php?rest_route=\/wp\/v2\/posts\/107\/revisions\/110"}],"wp:attachment":[{"href":"http:\/\/www.mustafakaraca.net\/index.php?rest_route=%2Fwp%2Fv2%2Fmedia&parent=107"}],"wp:term":[{"taxonomy":"category","embeddable":true,"href":"http:\/\/www.mustafakaraca.net\/index.php?rest_route=%2Fwp%2Fv2%2Fcategories&post=107"},{"taxonomy":"post_tag","embeddable":true,"href":"http:\/\/www.mustafakaraca.net\/index.php?rest_route=%2Fwp%2Fv2%2Ftags&post=107"}],"curies":[{"name":"wp","href":"https:\/\/api.w.org\/{rel}","templated":true}]}}